{"id":1029,"date":"2018-02-06T18:32:37","date_gmt":"2018-02-06T18:32:37","guid":{"rendered":"https:\/\/camero.es\/cuales-son-las-cuestiones-juridicas-que-debemos-resolver-cuando-fallece-una-persona\/"},"modified":"2023-12-18T20:16:27","modified_gmt":"2023-12-18T20:16:27","slug":"what-are-the-legal-issues-that-we-must-resolve-when-a-person-dies","status":"publish","type":"post","link":"https:\/\/camero.es\/en\/what-are-the-legal-issues-that-we-must-resolve-when-a-person-dies\/","title":{"rendered":"What are the legal issues that we must resolve when a person dies?"},"content":{"rendered":"\n\t<section class=\"section\" id=\"section_572620567\">\n\t\t<div class=\"section-bg fill\" >\n\t\t\t\t\t\t\t\t\t\n\t\t\t\n\n\t\t<\/div>\n\n\t\t\n\n\t\t<div class=\"section-content relative\">\n\t\t\t\n<div class=\"row\"  id=\"row-1663565025\">\n\n\t<div id=\"col-698956523\" class=\"col small-12 large-12\"  >\n\t\t\t\t<div class=\"col-inner\"  >\n\t\t\t\n\t\t\t\n<div class=\"bodytext contentText\">\n<p>At Funeraria Francisco Camero, we have a team of specialized professionals who will try to make the procedure as easy and comfortable as possible.<\/p>\n<\/div>\n<div class=\"bodytext contentText\">\n<h2><strong> Necessary documentation:<br \/><\/strong><\/h2>\n<\/div>\n<ul>\n<li>Family Book<\/li>\n<li>And the D.N.I (both of the deceased and his heirs)<\/li>\n<\/ul>\n<p>The latter must present a valid ID, since if it has expired they will not be able to request any benefits.<\/p>\n<p>*Once completed and it has been verified that everything is correct with the Competent Authorities, all documentation will be returned.<\/p>\n<p><strong style=\"font-size: 23.04px; color: #333333;\">Services:<\/strong><\/p>\n<div class=\"bodytext contentText\">\n<ul>\n<li>Request for death certificates or literal certificates<\/li>\n<li>Low Social Security<\/li>\n<li>Certificate of last wills<\/li>\n<li>Application for widow&#8217;s pension<\/li>\n<li>Orphan&#8217;s pension<\/li>\n<li>Death aid<\/li>\n<li>Subsidy for family members<\/li>\n<li>Family benefit for dependent child<\/li>\n<li>Legal advice on inheritance procedures (inheritances, inheritance taxes, etc.)<\/li>\n<\/ul>\n<p>FOR ANY CLARIFICATION PLEASE CONTACT US<\/p>\n<p>24 HOUR SERVICE<\/p>\n<p><span style=\"font-size: 140%;\"><strong>952-44-81-71\u00a0\u00a0<\/strong><\/span><\/p>\n<\/div>\n\t\t<\/div>\n\t\t\t\t\t<\/div>\n\n\t\n<\/div>\n\t\t<\/div>\n\n\t\t\n<style>\n#section_572620567 {\n  padding-top: 30px;\n  padding-bottom: 30px;\n}\n<\/style>\n\t<\/section>\n\t\n","protected":false},"excerpt":{"rendered":"<p>At Funeraria Francisco Camero, we have a team of specialized professionals who will try to make the procedure as easy and comfortable as possible.<\/p>\n","protected":false},"author":1,"featured_media":533,"comment_status":"open","ping_status":"open","sticky":false,"template":"","format":"standard","meta":{"_joinchat":[],"footnotes":""},"categories":[1],"tags":[],"class_list":["post-1029","post","type-post","status-publish","format-standard","has-post-thumbnail","hentry","category-sin-categorizar"],"yoast_head":"<!-- This site is optimized with the Yoast SEO plugin v27.4 - https:\/\/yoast.com\/product\/yoast-seo-wordpress\/ -->\n<title>What are the legal issues that we must resolve when a person dies?<\/title>\n<meta name=\"description\" content=\"We have a team of specialized professionals who will try to make the procedure as easy and comfortable as possible.\" \/>\n<meta name=\"robots\" content=\"index, follow, max-snippet:-1, max-image-preview:large, max-video-preview:-1\" \/>\n<link rel=\"canonical\" href=\"https:\/\/camero.es\/en\/what-are-the-legal-issues-that-we-must-resolve-when-a-person-dies\/\" \/>\n<meta property=\"og:locale\" content=\"en_US\" \/>\n<meta property=\"og:type\" content=\"article\" \/>\n<meta property=\"og:title\" content=\"What are the legal issues that we must resolve when a person dies?\" \/>\n<meta property=\"og:description\" content=\"We have a team of specialized professionals who will try to make the procedure as easy and comfortable as possible.\" \/>\n<meta property=\"og:url\" content=\"https:\/\/camero.es\/en\/what-are-the-legal-issues-that-we-must-resolve-when-a-person-dies\/\" \/>\n<meta property=\"og:site_name\" content=\"Funeraria en M\u00e1laga, Funeraria Camero\" \/>\n<meta property=\"article:published_time\" content=\"2018-02-06T18:32:37+00:00\" \/>\n<meta property=\"article:modified_time\" content=\"2023-12-18T20:16:27+00:00\" \/>\n<meta property=\"og:image\" content=\"https:\/\/camero.es\/wp-content\/uploads\/2023\/12\/cuestiones-juridicas-que-debemos-resolver-cuando-fallece-una-persona.jpg\" \/>\n\t<meta property=\"og:image:width\" content=\"900\" \/>\n\t<meta property=\"og:image:height\" content=\"405\" \/>\n\t<meta property=\"og:image:type\" content=\"image\/jpeg\" \/>\n<meta name=\"author\" content=\"Funerarias Camero\" \/>\n<meta name=\"twitter:card\" content=\"summary_large_image\" \/>\n<meta name=\"twitter:label1\" content=\"Written by\" \/>\n\t<meta name=\"twitter:data1\" content=\"Funerarias Camero\" \/>\n\t<meta name=\"twitter:label2\" content=\"Est. reading time\" \/>\n\t<meta name=\"twitter:data2\" content=\"1 minute\" \/>\n<script type=\"application\/ld+json\" class=\"yoast-schema-graph\">{\"@context\":\"https:\\\/\\\/schema.org\",\"@graph\":[{\"@type\":\"Article\",\"@id\":\"https:\\\/\\\/camero.es\\\/en\\\/what-are-the-legal-issues-that-we-must-resolve-when-a-person-dies\\\/#article\",\"isPartOf\":{\"@id\":\"https:\\\/\\\/camero.es\\\/en\\\/what-are-the-legal-issues-that-we-must-resolve-when-a-person-dies\\\/\"},\"author\":{\"name\":\"Funerarias Camero\",\"@id\":\"https:\\\/\\\/camero.es\\\/en\\\/#\\\/schema\\\/person\\\/7a29264348741f562437aee47abd0d7d\"},\"headline\":\"What are the legal issues that we must resolve when a person dies?\",\"datePublished\":\"2018-02-06T18:32:37+00:00\",\"dateModified\":\"2023-12-18T20:16:27+00:00\",\"mainEntityOfPage\":{\"@id\":\"https:\\\/\\\/camero.es\\\/en\\\/what-are-the-legal-issues-that-we-must-resolve-when-a-person-dies\\\/\"},\"wordCount\":156,\"commentCount\":0,\"publisher\":{\"@id\":\"https:\\\/\\\/camero.es\\\/en\\\/#organization\"},\"image\":{\"@id\":\"https:\\\/\\\/camero.es\\\/en\\\/what-are-the-legal-issues-that-we-must-resolve-when-a-person-dies\\\/#primaryimage\"},\"thumbnailUrl\":\"https:\\\/\\\/camero.es\\\/wp-content\\\/uploads\\\/2023\\\/12\\\/cuestiones-juridicas-que-debemos-resolver-cuando-fallece-una-persona.jpg\",\"articleSection\":[\"Sin categorizar\"],\"inLanguage\":\"en-US\",\"potentialAction\":[{\"@type\":\"CommentAction\",\"name\":\"Comment\",\"target\":[\"https:\\\/\\\/camero.es\\\/en\\\/what-are-the-legal-issues-that-we-must-resolve-when-a-person-dies\\\/#respond\"]}]},{\"@type\":\"WebPage\",\"@id\":\"https:\\\/\\\/camero.es\\\/en\\\/what-are-the-legal-issues-that-we-must-resolve-when-a-person-dies\\\/\",\"url\":\"https:\\\/\\\/camero.es\\\/en\\\/what-are-the-legal-issues-that-we-must-resolve-when-a-person-dies\\\/\",\"name\":\"What are the legal issues that we must resolve when a person dies?\",\"isPartOf\":{\"@id\":\"https:\\\/\\\/camero.es\\\/en\\\/#website\"},\"primaryImageOfPage\":{\"@id\":\"https:\\\/\\\/camero.es\\\/en\\\/what-are-the-legal-issues-that-we-must-resolve-when-a-person-dies\\\/#primaryimage\"},\"image\":{\"@id\":\"https:\\\/\\\/camero.es\\\/en\\\/what-are-the-legal-issues-that-we-must-resolve-when-a-person-dies\\\/#primaryimage\"},\"thumbnailUrl\":\"https:\\\/\\\/camero.es\\\/wp-content\\\/uploads\\\/2023\\\/12\\\/cuestiones-juridicas-que-debemos-resolver-cuando-fallece-una-persona.jpg\",\"datePublished\":\"2018-02-06T18:32:37+00:00\",\"dateModified\":\"2023-12-18T20:16:27+00:00\",\"description\":\"We have a team of specialized professionals who will try to make the procedure as easy and comfortable as possible.\",\"breadcrumb\":{\"@id\":\"https:\\\/\\\/camero.es\\\/en\\\/what-are-the-legal-issues-that-we-must-resolve-when-a-person-dies\\\/#breadcrumb\"},\"inLanguage\":\"en-US\",\"potentialAction\":[{\"@type\":\"ReadAction\",\"target\":[\"https:\\\/\\\/camero.es\\\/en\\\/what-are-the-legal-issues-that-we-must-resolve-when-a-person-dies\\\/\"]}]},{\"@type\":\"ImageObject\",\"inLanguage\":\"en-US\",\"@id\":\"https:\\\/\\\/camero.es\\\/en\\\/what-are-the-legal-issues-that-we-must-resolve-when-a-person-dies\\\/#primaryimage\",\"url\":\"https:\\\/\\\/camero.es\\\/wp-content\\\/uploads\\\/2023\\\/12\\\/cuestiones-juridicas-que-debemos-resolver-cuando-fallece-una-persona.jpg\",\"contentUrl\":\"https:\\\/\\\/camero.es\\\/wp-content\\\/uploads\\\/2023\\\/12\\\/cuestiones-juridicas-que-debemos-resolver-cuando-fallece-una-persona.jpg\",\"width\":900,\"height\":405,\"caption\":\"cuestiones juri\u0301dicas que debemos resolver cuando fallece una persona\"},{\"@type\":\"BreadcrumbList\",\"@id\":\"https:\\\/\\\/camero.es\\\/en\\\/what-are-the-legal-issues-that-we-must-resolve-when-a-person-dies\\\/#breadcrumb\",\"itemListElement\":[{\"@type\":\"ListItem\",\"position\":1,\"name\":\"Portada\",\"item\":\"https:\\\/\\\/camero.es\\\/en\\\/\"},{\"@type\":\"ListItem\",\"position\":2,\"name\":\"What are the legal issues that we must resolve when a person dies?\"}]},{\"@type\":\"WebSite\",\"@id\":\"https:\\\/\\\/camero.es\\\/en\\\/#website\",\"url\":\"https:\\\/\\\/camero.es\\\/en\\\/\",\"name\":\"Funerarias en M\u00e1laga, Funeraria Camero\",\"description\":\"Servicios funerarios en M\u00e1laga, Benalm\u00e1dena, Fuengirola, Mijas, Marbella y Torremolinos\",\"publisher\":{\"@id\":\"https:\\\/\\\/camero.es\\\/en\\\/#organization\"},\"potentialAction\":[{\"@type\":\"SearchAction\",\"target\":{\"@type\":\"EntryPoint\",\"urlTemplate\":\"https:\\\/\\\/camero.es\\\/en\\\/?s={search_term_string}\"},\"query-input\":{\"@type\":\"PropertyValueSpecification\",\"valueRequired\":true,\"valueName\":\"search_term_string\"}}],\"inLanguage\":\"en-US\"},{\"@type\":\"Organization\",\"@id\":\"https:\\\/\\\/camero.es\\\/en\\\/#organization\",\"name\":\"Funerarias en M\u00e1laga, Funeraria Camero\",\"url\":\"https:\\\/\\\/camero.es\\\/en\\\/\",\"logo\":{\"@type\":\"ImageObject\",\"inLanguage\":\"en-US\",\"@id\":\"https:\\\/\\\/camero.es\\\/en\\\/#\\\/schema\\\/logo\\\/image\\\/\",\"url\":\"https:\\\/\\\/camero.es\\\/wp-content\\\/uploads\\\/2023\\\/12\\\/Camero1-2.png\",\"contentUrl\":\"https:\\\/\\\/camero.es\\\/wp-content\\\/uploads\\\/2023\\\/12\\\/Camero1-2.png\",\"width\":3506,\"height\":1090,\"caption\":\"Funerarias en M\u00e1laga, Funeraria Camero\"},\"image\":{\"@id\":\"https:\\\/\\\/camero.es\\\/en\\\/#\\\/schema\\\/logo\\\/image\\\/\"}},{\"@type\":\"Person\",\"@id\":\"https:\\\/\\\/camero.es\\\/en\\\/#\\\/schema\\\/person\\\/7a29264348741f562437aee47abd0d7d\",\"name\":\"Funerarias Camero\",\"image\":{\"@type\":\"ImageObject\",\"inLanguage\":\"en-US\",\"@id\":\"https:\\\/\\\/secure.gravatar.com\\\/avatar\\\/9ca737870b02b8675bb935fd3ab24ccf690e6e0244ebe90bdc1efd2b2420ffe9?s=96&d=mm&r=g\",\"url\":\"https:\\\/\\\/secure.gravatar.com\\\/avatar\\\/9ca737870b02b8675bb935fd3ab24ccf690e6e0244ebe90bdc1efd2b2420ffe9?s=96&d=mm&r=g\",\"contentUrl\":\"https:\\\/\\\/secure.gravatar.com\\\/avatar\\\/9ca737870b02b8675bb935fd3ab24ccf690e6e0244ebe90bdc1efd2b2420ffe9?s=96&d=mm&r=g\",\"caption\":\"Funerarias Camero\"},\"sameAs\":[\"https:\\\/\\\/camero.es\"]}]}<\/script>\n<!-- \/ Yoast SEO plugin. -->","yoast_head_json":{"title":"What are the legal issues that we must resolve when a person dies?","description":"We have a team of specialized professionals who will try to make the procedure as easy and comfortable as possible.","robots":{"index":"index","follow":"follow","max-snippet":"max-snippet:-1","max-image-preview":"max-image-preview:large","max-video-preview":"max-video-preview:-1"},"canonical":"https:\/\/camero.es\/en\/what-are-the-legal-issues-that-we-must-resolve-when-a-person-dies\/","og_locale":"en_US","og_type":"article","og_title":"What are the legal issues that we must resolve when a person dies?","og_description":"We have a team of specialized professionals who will try to make the procedure as easy and comfortable as possible.","og_url":"https:\/\/camero.es\/en\/what-are-the-legal-issues-that-we-must-resolve-when-a-person-dies\/","og_site_name":"Funeraria en M\u00e1laga, Funeraria Camero","article_published_time":"2018-02-06T18:32:37+00:00","article_modified_time":"2023-12-18T20:16:27+00:00","og_image":[{"width":900,"height":405,"url":"https:\/\/camero.es\/wp-content\/uploads\/2023\/12\/cuestiones-juridicas-que-debemos-resolver-cuando-fallece-una-persona.jpg","type":"image\/jpeg"}],"author":"Funerarias Camero","twitter_card":"summary_large_image","twitter_misc":{"Written by":"Funerarias Camero","Est. reading time":"1 minute"},"schema":{"@context":"https:\/\/schema.org","@graph":[{"@type":"Article","@id":"https:\/\/camero.es\/en\/what-are-the-legal-issues-that-we-must-resolve-when-a-person-dies\/#article","isPartOf":{"@id":"https:\/\/camero.es\/en\/what-are-the-legal-issues-that-we-must-resolve-when-a-person-dies\/"},"author":{"name":"Funerarias Camero","@id":"https:\/\/camero.es\/en\/#\/schema\/person\/7a29264348741f562437aee47abd0d7d"},"headline":"What are the legal issues that we must resolve when a person dies?","datePublished":"2018-02-06T18:32:37+00:00","dateModified":"2023-12-18T20:16:27+00:00","mainEntityOfPage":{"@id":"https:\/\/camero.es\/en\/what-are-the-legal-issues-that-we-must-resolve-when-a-person-dies\/"},"wordCount":156,"commentCount":0,"publisher":{"@id":"https:\/\/camero.es\/en\/#organization"},"image":{"@id":"https:\/\/camero.es\/en\/what-are-the-legal-issues-that-we-must-resolve-when-a-person-dies\/#primaryimage"},"thumbnailUrl":"https:\/\/camero.es\/wp-content\/uploads\/2023\/12\/cuestiones-juridicas-que-debemos-resolver-cuando-fallece-una-persona.jpg","articleSection":["Sin categorizar"],"inLanguage":"en-US","potentialAction":[{"@type":"CommentAction","name":"Comment","target":["https:\/\/camero.es\/en\/what-are-the-legal-issues-that-we-must-resolve-when-a-person-dies\/#respond"]}]},{"@type":"WebPage","@id":"https:\/\/camero.es\/en\/what-are-the-legal-issues-that-we-must-resolve-when-a-person-dies\/","url":"https:\/\/camero.es\/en\/what-are-the-legal-issues-that-we-must-resolve-when-a-person-dies\/","name":"What are the legal issues that we must resolve when a person dies?","isPartOf":{"@id":"https:\/\/camero.es\/en\/#website"},"primaryImageOfPage":{"@id":"https:\/\/camero.es\/en\/what-are-the-legal-issues-that-we-must-resolve-when-a-person-dies\/#primaryimage"},"image":{"@id":"https:\/\/camero.es\/en\/what-are-the-legal-issues-that-we-must-resolve-when-a-person-dies\/#primaryimage"},"thumbnailUrl":"https:\/\/camero.es\/wp-content\/uploads\/2023\/12\/cuestiones-juridicas-que-debemos-resolver-cuando-fallece-una-persona.jpg","datePublished":"2018-02-06T18:32:37+00:00","dateModified":"2023-12-18T20:16:27+00:00","description":"We have a team of specialized professionals who will try to make the procedure as easy and comfortable as possible.","breadcrumb":{"@id":"https:\/\/camero.es\/en\/what-are-the-legal-issues-that-we-must-resolve-when-a-person-dies\/#breadcrumb"},"inLanguage":"en-US","potentialAction":[{"@type":"ReadAction","target":["https:\/\/camero.es\/en\/what-are-the-legal-issues-that-we-must-resolve-when-a-person-dies\/"]}]},{"@type":"ImageObject","inLanguage":"en-US","@id":"https:\/\/camero.es\/en\/what-are-the-legal-issues-that-we-must-resolve-when-a-person-dies\/#primaryimage","url":"https:\/\/camero.es\/wp-content\/uploads\/2023\/12\/cuestiones-juridicas-que-debemos-resolver-cuando-fallece-una-persona.jpg","contentUrl":"https:\/\/camero.es\/wp-content\/uploads\/2023\/12\/cuestiones-juridicas-que-debemos-resolver-cuando-fallece-una-persona.jpg","width":900,"height":405,"caption":"cuestiones juri\u0301dicas que debemos resolver cuando fallece una persona"},{"@type":"BreadcrumbList","@id":"https:\/\/camero.es\/en\/what-are-the-legal-issues-that-we-must-resolve-when-a-person-dies\/#breadcrumb","itemListElement":[{"@type":"ListItem","position":1,"name":"Portada","item":"https:\/\/camero.es\/en\/"},{"@type":"ListItem","position":2,"name":"What are the legal issues that we must resolve when a person dies?"}]},{"@type":"WebSite","@id":"https:\/\/camero.es\/en\/#website","url":"https:\/\/camero.es\/en\/","name":"Funerarias en M\u00e1laga, Funeraria Camero","description":"Servicios funerarios en M\u00e1laga, Benalm\u00e1dena, Fuengirola, Mijas, Marbella y Torremolinos","publisher":{"@id":"https:\/\/camero.es\/en\/#organization"},"potentialAction":[{"@type":"SearchAction","target":{"@type":"EntryPoint","urlTemplate":"https:\/\/camero.es\/en\/?s={search_term_string}"},"query-input":{"@type":"PropertyValueSpecification","valueRequired":true,"valueName":"search_term_string"}}],"inLanguage":"en-US"},{"@type":"Organization","@id":"https:\/\/camero.es\/en\/#organization","name":"Funerarias en M\u00e1laga, Funeraria Camero","url":"https:\/\/camero.es\/en\/","logo":{"@type":"ImageObject","inLanguage":"en-US","@id":"https:\/\/camero.es\/en\/#\/schema\/logo\/image\/","url":"https:\/\/camero.es\/wp-content\/uploads\/2023\/12\/Camero1-2.png","contentUrl":"https:\/\/camero.es\/wp-content\/uploads\/2023\/12\/Camero1-2.png","width":3506,"height":1090,"caption":"Funerarias en M\u00e1laga, Funeraria Camero"},"image":{"@id":"https:\/\/camero.es\/en\/#\/schema\/logo\/image\/"}},{"@type":"Person","@id":"https:\/\/camero.es\/en\/#\/schema\/person\/7a29264348741f562437aee47abd0d7d","name":"Funerarias Camero","image":{"@type":"ImageObject","inLanguage":"en-US","@id":"https:\/\/secure.gravatar.com\/avatar\/9ca737870b02b8675bb935fd3ab24ccf690e6e0244ebe90bdc1efd2b2420ffe9?s=96&d=mm&r=g","url":"https:\/\/secure.gravatar.com\/avatar\/9ca737870b02b8675bb935fd3ab24ccf690e6e0244ebe90bdc1efd2b2420ffe9?s=96&d=mm&r=g","contentUrl":"https:\/\/secure.gravatar.com\/avatar\/9ca737870b02b8675bb935fd3ab24ccf690e6e0244ebe90bdc1efd2b2420ffe9?s=96&d=mm&r=g","caption":"Funerarias Camero"},"sameAs":["https:\/\/camero.es"]}]}},"_links":{"self":[{"href":"https:\/\/camero.es\/en\/wp-json\/wp\/v2\/posts\/1029","targetHints":{"allow":["GET"]}}],"collection":[{"href":"https:\/\/camero.es\/en\/wp-json\/wp\/v2\/posts"}],"about":[{"href":"https:\/\/camero.es\/en\/wp-json\/wp\/v2\/types\/post"}],"author":[{"embeddable":true,"href":"https:\/\/camero.es\/en\/wp-json\/wp\/v2\/users\/1"}],"replies":[{"embeddable":true,"href":"https:\/\/camero.es\/en\/wp-json\/wp\/v2\/comments?post=1029"}],"version-history":[{"count":5,"href":"https:\/\/camero.es\/en\/wp-json\/wp\/v2\/posts\/1029\/revisions"}],"predecessor-version":[{"id":1286,"href":"https:\/\/camero.es\/en\/wp-json\/wp\/v2\/posts\/1029\/revisions\/1286"}],"wp:featuredmedia":[{"embeddable":true,"href":"https:\/\/camero.es\/en\/wp-json\/wp\/v2\/media\/533"}],"wp:attachment":[{"href":"https:\/\/camero.es\/en\/wp-json\/wp\/v2\/media?parent=1029"}],"wp:term":[{"taxonomy":"category","embeddable":true,"href":"https:\/\/camero.es\/en\/wp-json\/wp\/v2\/categories?post=1029"},{"taxonomy":"post_tag","embeddable":true,"href":"https:\/\/camero.es\/en\/wp-json\/wp\/v2\/tags?post=1029"}],"curies":[{"name":"wp","href":"https:\/\/api.w.org\/{rel}","templated":true}]}}